{"id":7608,"date":"2020-03-04T17:00:56","date_gmt":"2020-03-04T17:00:56","guid":{"rendered":"https:\/\/www.esfreus.com\/?p=7608"},"modified":"2020-03-04T14:54:05","modified_gmt":"2020-03-04T14:54:05","slug":"book-your-holiday-in-march-without-cancellation-fees","status":"publish","type":"post","link":"https:\/\/www.esfreus.com\/es\/2020\/03\/04\/book-your-holiday-in-march-without-cancellation-fees\/","title":{"rendered":"Reserva tus vacaciones en marzo sin gastos de cancelaci\u00f3n."},"content":{"rendered":"<p>Ahora puedes reservar tus vacaciones de primavera-verano 2020 con cero euros de gastos. Como lo est\u00e1s leyendo, reserva tus vacaciones en marzo sin gastos de cancelaci\u00f3n.<\/p>\n<p>Seguro que sabes que las mejores ofertas surgen cuando buscas un viaje con antelaci\u00f3n. La planificaci\u00f3n es imprescindible para poder encontrar disponibilidad en el destino que prefieres y a un buen precio. Entonces, en marzo es el momento perfecto para reservar tus vacaciones para este 2020.<\/p>\n<p>Durante este mes encontrar\u00e1s muchas ofertas con descuentos por reserva anticipada, opciones de vacaciones en familia en las que tus hijos viajar\u00e1n gratis. Incluso, si reservas r\u00e1pido durante este mes de marzo, podr\u00e1s realizar tu reserva sin gastos de cancelaci\u00f3n hasta 15 d\u00edas antes de tu salida.<\/p>\n<p>Sin duda, este es el mes perfecto para que pases por alguna de nuestras agencias de Viajes Es Freus y consultes nuestros cat\u00e1logos vacacionales. Si ya tienes tu destino en mente seguro que encontramos alguna oferta que se ajustar\u00e1 a lo que est\u00e1s buscando. Y si puedes dejarlo todo reservado con la tranquilidad de poder cancelarlo hasta 15 d\u00edas antes del viaje sin gastos de cancelaci\u00f3n, \u00a1mucho mejor!<\/p>\n<p>No esperes m\u00e1s, ac\u00e9rcate a Viajes Es Freus y preg\u00fantanos por toda las condiciones, p\u00eddenos tu presupuesto personalizado y consigue la mejor oferta para tus pr\u00f3ximas vacaciones. Tambi\u00e9n puedes contactarnos en <a href=\"mailto:comunicacion@esfreus.com\">comunicacion@esfreus.com<\/a> \/ 971308069. I recuerda que en nuestra p\u00e1gina de Facebook siempre publicamos las ofertas m\u00e1s interesantes para nuestros clientes. Reserva tus vacaciones en marzo sin gastos de cancelaci\u00f3n.<\/p>\n<p><figure id=\"attachment_7614\" aria-describedby=\"caption-attachment-7614\" style=\"width: 528px\" class=\"wp-caption alignnone\"><a href=\"https:\/\/www.facebook.com\/209365589175564\/posts\/2492330980879002\/\"><img loading=\"lazy\" decoding=\"async\" class=\"wp-image-7614 size-full\" src=\"https:\/\/www.esfreus.com\/wp-content\/uploads\/2020\/03\/88185987_2492328497545917_9192084041917005824_o.jpg\" alt=\"\" width=\"528\" height=\"960\" srcset=\"https:\/\/www.esfreus.com\/wp-content\/uploads\/2020\/03\/88185987_2492328497545917_9192084041917005824_o.jpg 528w, https:\/\/www.esfreus.com\/wp-content\/uploads\/2020\/03\/88185987_2492328497545917_9192084041917005824_o-165x300.jpg 165w\" sizes=\"auto, (max-width: 528px) 100vw, 528px\" \/><\/a><figcaption id=\"caption-attachment-7614\" class=\"wp-caption-text\">Tus vacaciones sin gastos de cancelaci\u00f3n<\/figcaption><\/figure><\/p>","protected":false},"excerpt":{"rendered":"<p>Ahora puedes reservar tus vacaciones de primavera-verano 2020 con cero euros de gastos. Como lo est\u00e1s leyendo, reserva tus vacaciones en marzo sin gastos de cancelaci\u00f3n. Seguro que sabes que las mejores ofertas surgen cuando buscas un viaje con antelaci\u00f3n. La planificaci\u00f3n es imprescindible para poder encontrar disponibilidad en el destino que prefieres y a [&hellip;]<\/p>\n","protected":false},"author":8,"featured_media":7613,"comment_status":"closed","ping_status":"open","sticky":false,"template":"","format":"standard","meta":{"footnotes":""},"categories":[15],"tags":[283,285,165,284,287,286,288],"class_list":["post-7608","post","type-post","status-publish","format-standard","has-post-thumbnail","hentry","category-offers","tag-ofertas-vacaciones","tag-ofertas-vacaciones-verano","tag-ofertas-viaje","tag-ofertas-viaje-verano","tag-reservar-sin-gastos-de-cancelacion","tag-venta-anticipada","tag-viajar-sin-gastos"],"_links":{"self":[{"href":"https:\/\/www.esfreus.com\/es\/wp-json\/wp\/v2\/posts\/7608","targetHints":{"allow":["GET"]}}],"collection":[{"href":"https:\/\/www.esfreus.com\/es\/wp-json\/wp\/v2\/posts"}],"about":[{"href":"https:\/\/www.esfreus.com\/es\/wp-json\/wp\/v2\/types\/post"}],"author":[{"embeddable":true,"href":"https:\/\/www.esfreus.com\/es\/wp-json\/wp\/v2\/users\/8"}],"replies":[{"embeddable":true,"href":"https:\/\/www.esfreus.com\/es\/wp-json\/wp\/v2\/comments?post=7608"}],"version-history":[{"count":2,"href":"https:\/\/www.esfreus.com\/es\/wp-json\/wp\/v2\/posts\/7608\/revisions"}],"predecessor-version":[{"id":7615,"href":"https:\/\/www.esfreus.com\/es\/wp-json\/wp\/v2\/posts\/7608\/revisions\/7615"}],"wp:featuredmedia":[{"embeddable":true,"href":"https:\/\/www.esfreus.com\/es\/wp-json\/wp\/v2\/media\/7613"}],"wp:attachment":[{"href":"https:\/\/www.esfreus.com\/es\/wp-json\/wp\/v2\/media?parent=7608"}],"wp:term":[{"taxonomy":"category","embeddable":true,"href":"https:\/\/www.esfreus.com\/es\/wp-json\/wp\/v2\/categories?post=7608"},{"taxonomy":"post_tag","embeddable":true,"href":"https:\/\/www.esfreus.com\/es\/wp-json\/wp\/v2\/tags?post=7608"}],"curies":[{"name":"wp","href":"https:\/\/api.w.org\/{rel}","templated":true}]}}