{"id":7522,"date":"2020-01-21T14:59:39","date_gmt":"2020-01-21T14:59:39","guid":{"rendered":"https:\/\/www.esfreus.com\/?p=7522"},"modified":"2020-01-21T15:02:30","modified_gmt":"2020-01-21T15:02:30","slug":"fitur-2020-from-january-22nd-to-26th","status":"publish","type":"post","link":"https:\/\/www.esfreus.com\/es\/2020\/01\/21\/fitur-2020-from-january-22nd-to-26th\/","title":{"rendered":"FITUR 2020 del 22 al 26 de enero"},"content":{"rendered":"<p>Arranca <strong>Fitur 2020<\/strong>, la feria internacional de turismo por excelencia que re\u00fane a profesionales del sector a nivel mundial. Desde ma\u00f1ana mi\u00e9rcoles 22 de enero y hasta el pr\u00f3ximo domingo 26, las puertas de IFEMA Madrid abrir\u00e1n para dar paso a todas las novedades y tendencias que el sector del turismo tiene preparadas para este a\u00f1o.<\/p>\n<p>Como todos los a\u00f1os, los primeros d\u00edas de feria se reservan a un p\u00fablico profesional. Los d\u00edas 22, 23 y 24 son perfectos para concertar reuniones B2B, presentar productos, comentar novedades pr\u00f3ximas, entablar relaciones contractuales, etc. El fin de semana se ampl\u00eda la entrada a todo el p\u00fablico interesado en conocer nuevos destinos, viajeros que quieran interesarse por las posibilidades que les ofrecer cada pa\u00eds, cada regi\u00f3n o cada comunidad aut\u00f3noma.<\/p>\n<p>Para este a\u00f1o las <strong>Islas Baleares<\/strong> contar\u00e1n con el habitual stand en el que presentar\u00e1n toda la oferta cultural, deportiva, gastron\u00f3mica y de ocio que todas las islas ofrecen y adem\u00e1s la isla de <strong>Ibiza<\/strong> volver\u00e1 a tener presencia propia con un stand muy particular que trasladar\u00e1 a todos los visitantes al campo ibicenco. Un porche, una higuera, \u201cc\u00f2dols\u201d, Dalt Vila, \u201csenallons\u201d\u2026 Elementos muy representativos de la isla que una alumna de la Escola d\u2019Art de Ibiza ha combinado para que todo el que visite este stand quiera conocer m\u00e1s sobre la cultura y tradici\u00f3n ibicencas.<\/p>\n<p>Si est\u00e1s en Madrid estos d\u00edas no dudes en acercarte a IFEMA, forma parte de <strong>FITUR 2020<\/strong> y \u201crecorre el mundo\u201d en un solo d\u00eda. El horario es de 10:00 horas a 19:00 horas desde el 22 al 24 de enero (p\u00fablico profesional). De 10:00 horas a 20:00 horas el s\u00e1bado 25 de enero y de 10:00 horas a 18:00 horas el domingo 26 de enero. <a href=\"https:\/\/bit.ly\/36hfiqa\" target=\"_blank\" rel=\"noopener\">Compra tu entrada aqu\u00ed.<\/a><\/p>","protected":false},"excerpt":{"rendered":"<p>Arranca Fitur 2020, la feria internacional de turismo por excelencia que re\u00fane a profesionales del sector a nivel mundial. Desde ma\u00f1ana mi\u00e9rcoles 22 de enero y hasta el pr\u00f3ximo domingo 26, las puertas de IFEMA Madrid abrir\u00e1n para dar paso a todas las novedades y tendencias que el sector del turismo tiene preparadas para este [&hellip;]<\/p>\n","protected":false},"author":8,"featured_media":7523,"comment_status":"closed","ping_status":"open","sticky":false,"template":"","format":"standard","meta":{"footnotes":""},"categories":[111],"tags":[280,279,277,278],"class_list":["post-7522","post","type-post","status-publish","format-standard","has-post-thumbnail","hentry","category-informacion-para-viajeros","tag-40-aniversario-fitur","tag-feria-internacional-turismo","tag-fitur-2020","tag-ifema-madrid"],"_links":{"self":[{"href":"https:\/\/www.esfreus.com\/es\/wp-json\/wp\/v2\/posts\/7522","targetHints":{"allow":["GET"]}}],"collection":[{"href":"https:\/\/www.esfreus.com\/es\/wp-json\/wp\/v2\/posts"}],"about":[{"href":"https:\/\/www.esfreus.com\/es\/wp-json\/wp\/v2\/types\/post"}],"author":[{"embeddable":true,"href":"https:\/\/www.esfreus.com\/es\/wp-json\/wp\/v2\/users\/8"}],"replies":[{"embeddable":true,"href":"https:\/\/www.esfreus.com\/es\/wp-json\/wp\/v2\/comments?post=7522"}],"version-history":[{"count":2,"href":"https:\/\/www.esfreus.com\/es\/wp-json\/wp\/v2\/posts\/7522\/revisions"}],"predecessor-version":[{"id":7526,"href":"https:\/\/www.esfreus.com\/es\/wp-json\/wp\/v2\/posts\/7522\/revisions\/7526"}],"wp:featuredmedia":[{"embeddable":true,"href":"https:\/\/www.esfreus.com\/es\/wp-json\/wp\/v2\/media\/7523"}],"wp:attachment":[{"href":"https:\/\/www.esfreus.com\/es\/wp-json\/wp\/v2\/media?parent=7522"}],"wp:term":[{"taxonomy":"category","embeddable":true,"href":"https:\/\/www.esfreus.com\/es\/wp-json\/wp\/v2\/categories?post=7522"},{"taxonomy":"post_tag","embeddable":true,"href":"https:\/\/www.esfreus.com\/es\/wp-json\/wp\/v2\/tags?post=7522"}],"curies":[{"name":"wp","href":"https:\/\/api.w.org\/{rel}","templated":true}]}}