{"id":7493,"date":"2019-12-21T07:55:02","date_gmt":"2019-12-21T07:55:02","guid":{"rendered":"https:\/\/www.esfreus.com\/?p=7493"},"modified":"2019-12-21T07:57:50","modified_gmt":"2019-12-21T07:57:50","slug":"spend-new-years-eve-in-ibiza-with-this-offer","status":"publish","type":"post","link":"https:\/\/www.esfreus.com\/es\/2019\/12\/21\/spend-new-years-eve-in-ibiza-with-this-offer\/","title":{"rendered":"Pasa la Nochevieja en Ibiza con esta oferta"},"content":{"rendered":"<p>Si eres residente en la isla se Mallorca y quieres venir a pasar la noche de Fin de A\u00f1o a Ibiza, presta atenci\u00f3n a lo que tenemos que contarte. \u00a1Tenemos una oferta preparada para ti! Si no eres residente en las Islas Baleares o vives en otra localidad de las islas o la Pen\u00ednsula, no dudes en contactar con nosotros para que podamos ajustar la oferta para t\u00ed y ofrecerte la mejor opci\u00f3n.<\/p>\n<p>Ven a Ibiza en barco desde el puerto de Palma de Mallorca, si quieres puedes embarcar tu propio coche para recorrer la isla a tus anchas. Al\u00f3jate en el Hotel Puchet de San Antonio y disfruta de la cena de gala que han preparado para celebrar la \u00faltima noche del a\u00f1o, Nochevieja.<\/p>\n<p>El Hotel Puchet es un establecimiento de tres estrellas que cuenta con habitaciones de diferentes tama\u00f1os: habitaciones individuales, dobles, triples y cu\u00e1druples. Cuenta con un restaurante buffet, un restaurante a la carta, una piscina exterior abierta de mayo a octubre con una amplia zona sol\u00e1rium que se disfruta todo el a\u00f1o y un completo gimnasio. Est\u00e1 situado en los alrededores de San Antonio, muy cerca del paseo, la playa y a pocos metros del centro del pueblo.<\/p>\n<p>Esta oferta incluye el barco Palma-Ibiza-Palma, una noche de estancia en habitaci\u00f3n doble, la cena de gala de Fin de A\u00f1o y el desayuno del d\u00eda 01 de enero 2020. Como te comentamos, tambi\u00e9n tienes la opci\u00f3n de embarcar tu propio veh\u00edculo o de ampliar tu estancia y quedarte unos d\u00edas m\u00e1s en Ibiza. Revisa todos los detalles de la oferta en la siguiente imagen y si te quedan dudas o quieres reservar, ponte en contacto con nosotros. Ll\u00e1manos al 971307069, env\u00edanos un e-mail a <a href=\"mailto:comunicacion@esfreus.com\">comunicacion@esfreus.com<\/a> o ac\u00e9rcate a cualquiera de nuestra oficina de Viajes Es Freus en Palma de Mallorca.<\/p>\n<p>\u00a1Felices Fiestas y pr\u00f3spero A\u00f1o Nuevo!<\/p>\n<p>&nbsp;<\/p>\n<p><figure id=\"attachment_7494\" aria-describedby=\"caption-attachment-7494\" style=\"width: 212px\" class=\"wp-caption alignnone\"><img loading=\"lazy\" decoding=\"async\" class=\"size-medium wp-image-7494\" src=\"https:\/\/www.esfreus.com\/wp-content\/uploads\/2019\/12\/nochevieja-puchet-212x300.jpg\" alt=\"Oferta Fin de a\u00f1o en Ibiza\" width=\"212\" height=\"300\" srcset=\"https:\/\/www.esfreus.com\/wp-content\/uploads\/2019\/12\/nochevieja-puchet-212x300.jpg 212w, https:\/\/www.esfreus.com\/wp-content\/uploads\/2019\/12\/nochevieja-puchet-768x1087.jpg 768w, https:\/\/www.esfreus.com\/wp-content\/uploads\/2019\/12\/nochevieja-puchet-724x1024.jpg 724w, https:\/\/www.esfreus.com\/wp-content\/uploads\/2019\/12\/nochevieja-puchet-600x849.jpg 600w, https:\/\/www.esfreus.com\/wp-content\/uploads\/2019\/12\/nochevieja-puchet.jpg 1240w\" sizes=\"auto, (max-width: 212px) 100vw, 212px\" \/><figcaption id=\"caption-attachment-7494\" class=\"wp-caption-text\">Fin de A\u00f1o en Ibiza desde Mallorca<\/figcaption><\/figure><\/p>","protected":false},"excerpt":{"rendered":"<p>Si eres residente en la isla se Mallorca y quieres venir a pasar la noche de Fin de A\u00f1o a Ibiza, presta atenci\u00f3n a lo que tenemos que contarte. \u00a1Tenemos una oferta preparada para ti! Si no eres residente en las Islas Baleares o vives en otra localidad de las islas o la Pen\u00ednsula, no [&hellip;]<\/p>\n","protected":false},"author":8,"featured_media":7498,"comment_status":"closed","ping_status":"open","sticky":false,"template":"","format":"standard","meta":{"footnotes":""},"categories":[15],"tags":[265,264,263,266,148],"class_list":["post-7493","post","type-post","status-publish","format-standard","has-post-thumbnail","hentry","category-offers","tag-escapada-a-ibiza","tag-fin-de-ano-2019","tag-nochevieja-2019","tag-viaje-a-ibiza","tag-viajes-es-freus"],"_links":{"self":[{"href":"https:\/\/www.esfreus.com\/es\/wp-json\/wp\/v2\/posts\/7493","targetHints":{"allow":["GET"]}}],"collection":[{"href":"https:\/\/www.esfreus.com\/es\/wp-json\/wp\/v2\/posts"}],"about":[{"href":"https:\/\/www.esfreus.com\/es\/wp-json\/wp\/v2\/types\/post"}],"author":[{"embeddable":true,"href":"https:\/\/www.esfreus.com\/es\/wp-json\/wp\/v2\/users\/8"}],"replies":[{"embeddable":true,"href":"https:\/\/www.esfreus.com\/es\/wp-json\/wp\/v2\/comments?post=7493"}],"version-history":[{"count":2,"href":"https:\/\/www.esfreus.com\/es\/wp-json\/wp\/v2\/posts\/7493\/revisions"}],"predecessor-version":[{"id":7497,"href":"https:\/\/www.esfreus.com\/es\/wp-json\/wp\/v2\/posts\/7493\/revisions\/7497"}],"wp:featuredmedia":[{"embeddable":true,"href":"https:\/\/www.esfreus.com\/es\/wp-json\/wp\/v2\/media\/7498"}],"wp:attachment":[{"href":"https:\/\/www.esfreus.com\/es\/wp-json\/wp\/v2\/media?parent=7493"}],"wp:term":[{"taxonomy":"category","embeddable":true,"href":"https:\/\/www.esfreus.com\/es\/wp-json\/wp\/v2\/categories?post=7493"},{"taxonomy":"post_tag","embeddable":true,"href":"https:\/\/www.esfreus.com\/es\/wp-json\/wp\/v2\/tags?post=7493"}],"curies":[{"name":"wp","href":"https:\/\/api.w.org\/{rel}","templated":true}]}}