{"id":7280,"date":"2019-07-25T20:00:56","date_gmt":"2019-07-25T20:00:56","guid":{"rendered":"https:\/\/www.esfreus.com\/?p=7280"},"modified":"2019-07-24T19:39:05","modified_gmt":"2019-07-24T19:39:05","slug":"its-time-to-escape-to-formentera","status":"publish","type":"post","link":"https:\/\/www.esfreus.com\/es\/2019\/07\/25\/its-time-to-escape-to-formentera\/","title":{"rendered":"Es el momento de escaparte a Formentera"},"content":{"rendered":"<p>\u00a1Es el momento de escaparte a Formentera! Aprovecha el puente de agosto festivo en las Islas Baleares o cualquiera de los d\u00edas festivos que tendremos durante el pr\u00f3ximo mes para realizar un viaje express. Si lo prefieres, viaja durante el mes de septiembre, ya no ser\u00e1 necesario pedir autorizaci\u00f3n para embarcar tu coche o moto en el ferry de Formentera, podr\u00e1s viajar con tu propio veh\u00edculo.<\/p>\n<p>Ll\u00e1manos o env\u00edanos un e-mail indicando desde qu\u00e9 puerto o aeropuerto partes y buscaremos la tarifa que mejor se adapte a tus necesidades. Viajes Es Freus somos especialistas en viajes entre las Islas Baleares, colaboramos con las navieras que unen los principales puertos de las islas y disponemos de una amplia oferta de alojamientos y servicios complementarios para preparar tu escapada al completo.<\/p>\n<p>Si eres residente en Ibiza o Mallorca, aprovecha los paquetes que tenemos preparados especialmente para ti. Si viajas desde Menorca o cualquier otro punto de la pen\u00ednsula no dudes en consultarnos \u00a1te montamos el paquete a medida! Consulta todas las posibilidades, barco, avi\u00f3n, con coche o moto de alquiler, opci\u00f3n de embarcar tu propio veh\u00edculo, excursiones o actividades de ocio que completen tu viaje a Formentera\u2026<\/p>\n<p>A continuaci\u00f3n te detallamos las dos ofertas vigentes en este momento con salida desde Palma de Mallorca e Ibiza, (si sales desde otro punto no dudes en consultarnos):<\/p>\n<p><strong>PUENTE DE AGOSTO: Ibiza \u2013 Formentera \u2013 Ibiza \u00a0<\/strong><\/p>\n<p>Del 02 al 05 de agosto, ferry + alojamiento en la isla de Formentera desde 85\u20ac por persona y noche.<\/p>\n<p><strong>SEPTIEMBRE: Palma \u2013 Formentera \u2013 Palma (con parada en Ibiza)<\/strong><\/p>\n<p>Varias posibilidades seg\u00fan la quincena. Opci\u00f3n de embarcar tu propio veh\u00edculo o de alquilar una scooter.<\/p>","protected":false},"excerpt":{"rendered":"<p>\u00a1Es el momento de escaparte a Formentera! Aprovecha el puente de agosto festivo en las Islas Baleares o cualquiera de los d\u00edas festivos que tendremos durante el pr\u00f3ximo mes para realizar un viaje express. Si lo prefieres, viaja durante el mes de septiembre, ya no ser\u00e1 necesario pedir autorizaci\u00f3n para embarcar tu coche o moto [&hellip;]<\/p>\n","protected":false},"author":8,"featured_media":7281,"comment_status":"closed","ping_status":"open","sticky":false,"template":"","format":"standard","meta":{"footnotes":""},"categories":[111,15],"tags":[215,214,212,213,148],"class_list":["post-7280","post","type-post","status-publish","format-standard","has-post-thumbnail","hentry","category-informacion-para-viajeros","category-offers","tag-agencia-viajes-ibiza","tag-escapada-a-formentera","tag-oferta-formentera","tag-oferta-viaje","tag-viajes-es-freus"],"_links":{"self":[{"href":"https:\/\/www.esfreus.com\/es\/wp-json\/wp\/v2\/posts\/7280","targetHints":{"allow":["GET"]}}],"collection":[{"href":"https:\/\/www.esfreus.com\/es\/wp-json\/wp\/v2\/posts"}],"about":[{"href":"https:\/\/www.esfreus.com\/es\/wp-json\/wp\/v2\/types\/post"}],"author":[{"embeddable":true,"href":"https:\/\/www.esfreus.com\/es\/wp-json\/wp\/v2\/users\/8"}],"replies":[{"embeddable":true,"href":"https:\/\/www.esfreus.com\/es\/wp-json\/wp\/v2\/comments?post=7280"}],"version-history":[{"count":2,"href":"https:\/\/www.esfreus.com\/es\/wp-json\/wp\/v2\/posts\/7280\/revisions"}],"predecessor-version":[{"id":7283,"href":"https:\/\/www.esfreus.com\/es\/wp-json\/wp\/v2\/posts\/7280\/revisions\/7283"}],"wp:featuredmedia":[{"embeddable":true,"href":"https:\/\/www.esfreus.com\/es\/wp-json\/wp\/v2\/media\/7281"}],"wp:attachment":[{"href":"https:\/\/www.esfreus.com\/es\/wp-json\/wp\/v2\/media?parent=7280"}],"wp:term":[{"taxonomy":"category","embeddable":true,"href":"https:\/\/www.esfreus.com\/es\/wp-json\/wp\/v2\/categories?post=7280"},{"taxonomy":"post_tag","embeddable":true,"href":"https:\/\/www.esfreus.com\/es\/wp-json\/wp\/v2\/tags?post=7280"}],"curies":[{"name":"wp","href":"https:\/\/api.w.org\/{rel}","templated":true}]}}