{"id":7073,"date":"2019-03-20T17:30:29","date_gmt":"2019-03-20T17:30:29","guid":{"rendered":"https:\/\/www.esfreus.com\/?p=7073"},"modified":"2019-03-20T16:19:40","modified_gmt":"2019-03-20T16:19:40","slug":"offers-to-travel-in-easter","status":"publish","type":"post","link":"https:\/\/www.esfreus.com\/es\/2019\/03\/20\/offers-to-travel-in-easter\/","title":{"rendered":"Ofertas para viajar en Semana Santa"},"content":{"rendered":"<p><span style=\"color: #000000\"><span style=\"font-family: Calibri, sans-serif\"><span style=\"font-size: small\">\u00bfBuscas un viaje para esta Semana Santa? En Viajes Es Freus tenemos muchas ofertas para estas fechas. Entre el 14 y el 21 de abril se concentran los d\u00edas festivos de Semana Santa, fechas en las que los centros escolares cierran por unos d\u00edas, las empresas suelen coger algunos d\u00edas de descanso antes de la temporada de verano y todos aprovechamos para hacer coincidir las fechas y escaparnos con la familia o pareja.<\/span><\/span><\/span><\/p>\n<p><span style=\"color: #000000\"><span style=\"font-family: Calibri, sans-serif\"><span style=\"font-size: small\">Si necesitas que te ayudemos con tu viaje perfecto para estos d\u00edas, no dudes en acercarte a alguna de nuestras agencias de Viajes Es Freus y preguntar por las ofertas de Semana Santa. \u00bfTienes alg\u00fan destino pensado? Com\u00e9ntalo y nuestros agentes ajustar\u00e1n la b\u00fasqueda a tus preferencias. Si no tienes plan y prefieres que te asesoremos, nuestro equipo te aconsejar\u00e1 sobre los destinos y ofertas m\u00e1s adecuados para t\u00ed y los tuyos.<\/span><\/span><\/span><\/p>\n<p><span style=\"color: #000000\"><span style=\"font-family: Calibri, sans-serif\"><span style=\"font-size: small\">Tambi\u00e9n puedes estar atento\/a a nuestro <a href=\"https:\/\/www.facebook.com\/vesfreus\/\" target=\"_blank\" rel=\"noopener\">Facebook<\/a> o a nuestra p\u00e1gina web, all\u00ed publicamos diariamente viajes muy interesantes, seguro que encuentras algo que te gusta. M\u00e1ndanos un mensaje directo o ponte en contacto con nosotros a trav\u00e9s de e-mail: <a href=\"mailto:comunicacion@esfreus.com\">comunicacion@esfreus.com<\/a> o por tel\u00e9fono: 971 30 80 69. Esta Semana Santa no te quedes sin viajar. <\/span><\/span><\/span><\/p>","protected":false},"excerpt":{"rendered":"<p>\u00bfBuscas un viaje para esta Semana Santa? En Viajes Es Freus tenemos muchas ofertas para estas fechas. Entre el 14 y el 21 de abril se concentran los d\u00edas festivos de Semana Santa, fechas en las que los centros escolares cierran por unos d\u00edas, las empresas suelen coger algunos d\u00edas de descanso antes de la [&hellip;]<\/p>\n","protected":false},"author":8,"featured_media":7074,"comment_status":"closed","ping_status":"open","sticky":false,"template":"","format":"standard","meta":{"footnotes":""},"categories":[15],"tags":[166,165,141,164],"class_list":["post-7073","post","type-post","status-publish","format-standard","has-post-thumbnail","hentry","category-offers","tag-agencias-de-viaje","tag-ofertas-viaje","tag-semana-santa","tag-vacaciones-en-familia"],"_links":{"self":[{"href":"https:\/\/www.esfreus.com\/es\/wp-json\/wp\/v2\/posts\/7073","targetHints":{"allow":["GET"]}}],"collection":[{"href":"https:\/\/www.esfreus.com\/es\/wp-json\/wp\/v2\/posts"}],"about":[{"href":"https:\/\/www.esfreus.com\/es\/wp-json\/wp\/v2\/types\/post"}],"author":[{"embeddable":true,"href":"https:\/\/www.esfreus.com\/es\/wp-json\/wp\/v2\/users\/8"}],"replies":[{"embeddable":true,"href":"https:\/\/www.esfreus.com\/es\/wp-json\/wp\/v2\/comments?post=7073"}],"version-history":[{"count":1,"href":"https:\/\/www.esfreus.com\/es\/wp-json\/wp\/v2\/posts\/7073\/revisions"}],"predecessor-version":[{"id":7075,"href":"https:\/\/www.esfreus.com\/es\/wp-json\/wp\/v2\/posts\/7073\/revisions\/7075"}],"wp:featuredmedia":[{"embeddable":true,"href":"https:\/\/www.esfreus.com\/es\/wp-json\/wp\/v2\/media\/7074"}],"wp:attachment":[{"href":"https:\/\/www.esfreus.com\/es\/wp-json\/wp\/v2\/media?parent=7073"}],"wp:term":[{"taxonomy":"category","embeddable":true,"href":"https:\/\/www.esfreus.com\/es\/wp-json\/wp\/v2\/categories?post=7073"},{"taxonomy":"post_tag","embeddable":true,"href":"https:\/\/www.esfreus.com\/es\/wp-json\/wp\/v2\/tags?post=7073"}],"curies":[{"name":"wp","href":"https:\/\/api.w.org\/{rel}","templated":true}]}}