{"id":7007,"date":"2019-02-20T10:00:00","date_gmt":"2019-02-20T10:00:00","guid":{"rendered":"https:\/\/www.esfreus.com\/?p=7007"},"modified":"2019-02-13T12:36:37","modified_gmt":"2019-02-13T12:36:37","slug":"promotional-trips-on-holy-week","status":"publish","type":"post","link":"https:\/\/www.esfreus.com\/es\/2019\/02\/20\/promotional-trips-on-holy-week\/","title":{"rendered":"Promoci\u00f3n viajes de Semana Santa"},"content":{"rendered":"<p><\/p>\n<p align=\"justify\"><span style=\"font-family: Liberation Serif, serif\"><span style=\"font-size: medium\"><span style=\"color: #000000\"><span style=\"font-family: Century Gothic, serif\"><span style=\"font-size: small\">Se acerca Semana Santa, del 14 al 21 de abril. En Viajes Es Freus ya tenemos todas las ofertas preparadas para que reserves el viaje que m\u00e1s te apetezca. \u00bfEuropa, Am\u00e9rica, \u00c1frica? \u00bfTe apetece un viaje en pareja, unas vacaciones en familia, una aventura con amigos o una escapada de relax viajando solo\/a? \u00bfPrefieres la experiencia de viajar en un gran crucero o llegar directo a tu destino en avi\u00f3n?<\/span><\/span><\/span><\/span><\/span><\/p>\n<p align=\"justify\"><span style=\"font-family: Liberation Serif, serif\"><span style=\"font-size: medium\"><span style=\"color: #000000\"><span style=\"font-family: Century Gothic, serif\"><span style=\"font-size: small\">En nuestra p\u00e1gina web <\/span><\/span><\/span><span style=\"color: #000000\"><span style=\"font-family: Century Gothic, serif\"><span style=\"font-size: small\"><a href=\"http:\/\/www.esfreus.com\/\">www.esfreus.com<\/a><\/span><\/span><\/span><span style=\"color: #000000\"><span style=\"font-family: Century Gothic, serif\"><span style=\"font-size: small\"> y en nuestra p\u00e1gina de Facebook publicamos constantemente todas las ofertas que nos van llegando y que preparamos especialmente para ti. Entra a darle un vistazo o contacta con nosotros para saber m\u00e1s detalles: <\/span><\/span><\/span><span style=\"color: #000000\"><span style=\"font-family: Century Gothic, serif\"><span style=\"font-size: small\"><a href=\"mailto:comunicacion@esfreus.com\">comunicacion@esfreus.com<\/a><\/span><\/span><\/span><span style=\"color: #000000\"><span style=\"font-family: Century Gothic, serif\"><span style=\"font-size: small\"> \/ 971 30 80 69.<\/span><\/span><\/span><\/span><\/span><\/p>\n<p align=\"justify\"><span style=\"font-family: Liberation Serif, serif\"><span style=\"font-size: medium\"><span style=\"color: #000000\"><span style=\"font-family: Century Gothic, serif\"><span style=\"font-size: small\">Te recordamos que nuestras oficinas est\u00e1n a tu disposici\u00f3n para atenderte de forma personalizada. Nos encontrar\u00e1s en Ibiza, Formentera, Mallorca y Menorca. Encuentra en el apartado de nuestra web \u201coficinas\u201d la direcci\u00f3n y contacto de cada una de ellas.<\/span><\/span><\/span><\/span><\/span><\/p>\n<p><\/p>","protected":false},"excerpt":{"rendered":"<p>Se acerca Semana Santa, del 14 al 21 de abril. En Viajes Es Freus ya tenemos todas las ofertas preparadas para que reserves el viaje que m\u00e1s te apetezca. \u00bfEuropa, Am\u00e9rica, \u00c1frica? \u00bfTe apetece un viaje en pareja, unas vacaciones en familia, una aventura con amigos o una escapada de relax viajando solo\/a? \u00bfPrefieres la [&hellip;]<\/p>\n","protected":false},"author":8,"featured_media":7008,"comment_status":"closed","ping_status":"open","sticky":false,"template":"","format":"standard","meta":{"footnotes":""},"categories":[111],"tags":[144,142,145,141,143],"class_list":["post-7007","post","type-post","status-publish","format-standard","has-post-thumbnail","hentry","category-informacion-para-viajeros","tag-crucero","tag-holy-week","tag-primavera","tag-semana-santa","tag-viaje-semana-santa"],"_links":{"self":[{"href":"https:\/\/www.esfreus.com\/es\/wp-json\/wp\/v2\/posts\/7007","targetHints":{"allow":["GET"]}}],"collection":[{"href":"https:\/\/www.esfreus.com\/es\/wp-json\/wp\/v2\/posts"}],"about":[{"href":"https:\/\/www.esfreus.com\/es\/wp-json\/wp\/v2\/types\/post"}],"author":[{"embeddable":true,"href":"https:\/\/www.esfreus.com\/es\/wp-json\/wp\/v2\/users\/8"}],"replies":[{"embeddable":true,"href":"https:\/\/www.esfreus.com\/es\/wp-json\/wp\/v2\/comments?post=7007"}],"version-history":[{"count":1,"href":"https:\/\/www.esfreus.com\/es\/wp-json\/wp\/v2\/posts\/7007\/revisions"}],"predecessor-version":[{"id":7009,"href":"https:\/\/www.esfreus.com\/es\/wp-json\/wp\/v2\/posts\/7007\/revisions\/7009"}],"wp:featuredmedia":[{"embeddable":true,"href":"https:\/\/www.esfreus.com\/es\/wp-json\/wp\/v2\/media\/7008"}],"wp:attachment":[{"href":"https:\/\/www.esfreus.com\/es\/wp-json\/wp\/v2\/media?parent=7007"}],"wp:term":[{"taxonomy":"category","embeddable":true,"href":"https:\/\/www.esfreus.com\/es\/wp-json\/wp\/v2\/categories?post=7007"},{"taxonomy":"post_tag","embeddable":true,"href":"https:\/\/www.esfreus.com\/es\/wp-json\/wp\/v2\/tags?post=7007"}],"curies":[{"name":"wp","href":"https:\/\/api.w.org\/{rel}","templated":true}]}}